{"id":12621,"date":"2022-05-06T12:17:22","date_gmt":"2022-05-06T10:17:22","guid":{"rendered":"https:\/\/wolftankgroup.com\/unkategorisiert\/ceo-peter-werth-in-an-interview-with-the-vienna-stock-exchange-direct-talk-about-the-wolftank-group\/"},"modified":"2022-09-14T15:48:32","modified_gmt":"2022-09-14T13:48:32","slug":"ceo-peter-werth-in-an-interview-with-the-vienna-stock-exchange-direct-talk-about-the-wolftank-group","status":"publish","type":"post","link":"https:\/\/wolftankgroup.com\/de\/news-de\/ceo-peter-werth-in-an-interview-with-the-vienna-stock-exchange-direct-talk-about-the-wolftank-group\/","title":{"rendered":"CEO Peter Werth im Interview mit der Wiener B\u00f6rse &#8211; DIRECT TALK \u00fcber die Wolftank Group"},"content":{"rendered":"<p>CEO Peter Werth stellt die Wolftank Group im Interview mit der <a href=\"https:\/\/www.wienerborse.at\/marktdaten\/aktien-sonstige\/news\/?ISIN=AT0000A25NJ6&amp;ID_NOTATION=243322066&amp;cHash=4e4b4b1a0f0b398af2190f6dc7633f40#tab-content-15308\">Wiener B\u00f6rse &#8211; DIRECT TALK<\/a> vor.<\/p>\n<p>Er spricht \u00fcber den Bau der Infrastrukturen zur Dekarbonisierung des Verkehrs und den Beitrag der Wolftank Group, um die Energiewende erfolgreich voranzutreiben.<\/p>\n<div class=\"ast-oembed-container \" style=\"height: 100%;\"><iframe title=\"Wolftank Group - DIRECT TALK\" width=\"500\" height=\"281\" src=\"https:\/\/www.youtube.com\/embed\/2UXkRiCh12g?feature=oembed\" frameborder=\"0\" allow=\"accelerometer; autoplay; clipboard-write; encrypted-media; gyroscope; picture-in-picture; web-share\" referrerpolicy=\"strict-origin-when-cross-origin\" allowfullscreen><\/iframe><\/div>\n<p>&nbsp;<\/p>\n<p><strong>\u00dcber die Wolftank Group<\/strong><\/p>\n<p>Die Wolftank Group ist ein weltweit agierender, f\u00fchrender Technologiepartner f\u00fcr Energie- und Umweltl\u00f6sungen. Im Bereich der Mobilit\u00e4t und Logistik von Energietr\u00e4gern unterst\u00fctzt die Gruppe Kunden in \u00fcber 20 L\u00e4ndern, Projekte effizient und umweltschonend umzusetzen. Daf\u00fcr entwickelt und implementiert sie Technologien von morgen, um den Verkehr zu dekarbonisieren und die Infrastruktur f\u00fcr eine emissionsfreie Mobilit\u00e4t zu bauen \u2013 etwa durch die schl\u00fcsselfertige Lieferung von modularen Wasserstoff- und LNG-Betankungsanlagen. Im Bereich der Umweltl\u00f6sungen z\u00e4hlen Due Diligences f\u00fcr Umweltrisiken, ma\u00dfgeschneiderte Services f\u00fcr Boden- und Grundwassersanierung sowie Recycling zum Angebot. Gesteuert werden die Tochtergesellschaften der Gruppe in acht L\u00e4ndern auf drei Kontinenten durch die Wolftank-Adisa Holding AG mit Sitz in Innsbruck. Die Aktie der Wolftank-Adisa Holding AG (WKN: A2PBHR; ISIN: AT0000A25NJ6) notiert im direct market plus Segment der Wiener B\u00f6rse AG und im m:access der B\u00f6rse M\u00fcnchen und wird auf Xetra, der Frankfurter und Berliner Wertpapierb\u00f6rse gehandelt. Weitere Informationen:<a href=\"https:\/\/www.wolftankgroup.com\"> www.wolftankgroup.com<\/a><\/p>\n<p><strong>Hinweis<\/strong><strong>:<\/strong>\u00a0Alle Anforderungen des \u00f6sterreichischen B\u00f6rsegesetzes, betreffend die Erfordernis einer formellen Zulassung von Finanzinstrumenten zum Handel und die Emittentenpflichten an einem geregelten Markt f\u00fcr im Dritten Markt gehandelte Finanzinstrumente\u00a0<u>gelten nicht<\/u>,\u00a0<strong><u>wohl aber<\/u><\/strong>\u00a0insbesondere die in den Art. 17 (Ver\u00f6ffentlichung von Insidern, Vertrag Teilnahme \u201edirect market plus\u201c | Dezember 2018), Art. 18 (Insiderlisten) und Art. 19 (Eigengesch\u00e4fte von F\u00fchrungskr\u00e4ften) der Marktmissbrauchsverordnung (VO (EU) Nr. 596\/2014) iVm den jeweiligen nationalen Rechtsvorschriften gem\u00e4\u00df B\u00f6rseG niedergelegten Pflichten und die Verbote der Art. 14 (Insiderhandel) und Art. 15 (Marktmanipulation) der Marktmissbrauchsverordnung (VO (EU) Nr. 596\/2014) iVm den jeweiligen nationalen Rechtsvorschriften gem\u00e4\u00df B\u00f6rseG.<\/p>\n","protected":false},"excerpt":{"rendered":"<p>CEO Peter Werth stellt die Wolftank Group im Interview mit der Wiener B\u00f6rse &#8211; DIRECT TALK vor. Er spricht \u00fcber den Bau der Infrastrukturen zur Dekarbonisierung des Verkehrs und den Beitrag der Wolftank Group, um die Energiewende erfolgreich voranzutreiben. &nbsp; \u00dcber die Wolftank Group Die Wolftank Group ist ein weltweit agierender, f\u00fchrender Technologiepartner f\u00fcr Energie- [&hellip;]<\/p>\n","protected":false},"author":1,"featured_media":9771,"comment_status":"closed","ping_status":"closed","sticky":false,"template":"","format":"standard","meta":{"site-sidebar-layout":"default","site-content-layout":"default","ast-site-content-layout":"default","site-content-style":"default","site-sidebar-style":"default","ast-global-header-display":"","ast-banner-title-visibility":"","ast-main-header-display":"disabled","ast-hfb-above-header-display":"disabled","ast-hfb-below-header-display":"disabled","ast-hfb-mobile-header-display":"disabled","site-post-title":"disabled","ast-breadcrumbs-content":"disabled","ast-featured-img":"disabled","footer-sml-layout":"disabled","ast-disable-related-posts":"","theme-transparent-header-meta":"default","adv-header-id-meta":"","stick-header-meta":"","header-above-stick-meta":"","header-main-stick-meta":"","header-below-stick-meta":"","astra-migrate-meta-layouts":"default","ast-page-background-enabled":"default","ast-page-background-meta":{"desktop":{"background-color":"var(--ast-global-color-4)","background-image":"","background-repeat":"repeat","background-position":"center center","background-size":"auto","background-attachment":"scroll","background-type":"","background-media":"","overlay-type":"","overlay-color":"","overlay-opacity":"","overlay-gradient":""},"tablet":{"background-color":"","background-image":"","background-repeat":"repeat","background-position":"center center","background-size":"auto","background-attachment":"scroll","background-type":"","background-media":"","overlay-type":"","overlay-color":"","overlay-opacity":"","overlay-gradient":""},"mobile":{"background-color":"","background-image":"","background-repeat":"repeat","background-position":"center center","background-size":"auto","background-attachment":"scroll","background-type":"","background-media":"","overlay-type":"","overlay-color":"","overlay-opacity":"","overlay-gradient":""}},"ast-content-background-meta":{"desktop":{"background-color":"var(--ast-global-color-5)","background-image":"","background-repeat":"repeat","background-position":"center center","background-size":"auto","background-attachment":"scroll","background-type":"","background-media":"","overlay-type":"","overlay-color":"","overlay-opacity":"","overlay-gradient":""},"tablet":{"background-color":"var(--ast-global-color-5)","background-image":"","background-repeat":"repeat","background-position":"center center","background-size":"auto","background-attachment":"scroll","background-type":"","background-media":"","overlay-type":"","overlay-color":"","overlay-opacity":"","overlay-gradient":""},"mobile":{"background-color":"var(--ast-global-color-5)","background-image":"","background-repeat":"repeat","background-position":"center center","background-size":"auto","background-attachment":"scroll","background-type":"","background-media":"","overlay-type":"","overlay-color":"","overlay-opacity":"","overlay-gradient":""}},"footnotes":""},"categories":[155],"tags":[231,229,228,230,225],"class_list":["post-12621","post","type-post","status-publish","format-standard","has-post-thumbnail","hentry","category-news-de","tag-biogas-de","tag-industriebeschichtungen","tag-lng-de","tag-umweltdienstleistungen","tag-wasserstoff"],"yoast_head":"<!-- This site is optimized with the Yoast SEO Premium plugin v18.4 (Yoast SEO v25.3) - https:\/\/yoast.com\/wordpress\/plugins\/seo\/ -->\n<title>CEO Peter Werth im Interview mit der Wiener B\u00f6rse - DIRECT TALK \u00fcber die Wolftank Group | Wolftank Group<\/title>\n<meta name=\"description\" content=\"CEO Peter Werth stellt die Wolftank Group im Interview mit der Wiener B\u00f6rse - DIRECT TALK vor. Er spricht \u00fcber den Bau der Infrastrukturen zur\" \/>\n<meta name=\"robots\" content=\"index, follow, max-snippet:-1, max-image-preview:large, max-video-preview:-1\" \/>\n<link rel=\"canonical\" href=\"https:\/\/wolftankgroup.com\/de\/news-de\/ceo-peter-werth-in-an-interview-with-the-vienna-stock-exchange-direct-talk-about-the-wolftank-group\/\" \/>\n<meta property=\"og:locale\" content=\"de_DE\" \/>\n<meta property=\"og:type\" content=\"article\" \/>\n<meta property=\"og:title\" content=\"CEO Peter Werth im Interview mit der Wiener B\u00f6rse - DIRECT TALK \u00fcber die Wolftank Group | Wolftank Group\" \/>\n<meta property=\"og:url\" content=\"https:\/\/wolftankgroup.com\/de\/news-de\/ceo-peter-werth-in-an-interview-with-the-vienna-stock-exchange-direct-talk-about-the-wolftank-group\/\" \/>\n<meta property=\"og:site_name\" content=\"Wolftank Group\" \/>\n<meta property=\"article:published_time\" content=\"2022-05-06T10:17:22+00:00\" \/>\n<meta property=\"article:modified_time\" content=\"2022-09-14T13:48:32+00:00\" \/>\n<meta property=\"og:image\" content=\"https:\/\/wolftankgroup.com\/mediapool\/2022\/03\/post-Image-10.jpg\" \/>\n\t<meta property=\"og:image:width\" content=\"290\" \/>\n\t<meta property=\"og:image:height\" content=\"300\" \/>\n\t<meta property=\"og:image:type\" content=\"image\/jpeg\" \/>\n<meta name=\"author\" content=\"Michael L.\" \/>\n<meta name=\"twitter:card\" content=\"summary_large_image\" \/>\n<meta name=\"twitter:label1\" content=\"Verfasst von\" \/>\n\t<meta name=\"twitter:data1\" content=\"Michael L.\" \/>\n\t<meta name=\"twitter:label2\" content=\"Gesch\u00e4tzte Lesezeit\" \/>\n\t<meta name=\"twitter:data2\" content=\"2\u00a0Minuten\" \/>\n<script type=\"application\/ld+json\" class=\"yoast-schema-graph\">{\"@context\":\"https:\/\/schema.org\",\"@graph\":[{\"@type\":\"Article\",\"@id\":\"https:\/\/wolftankgroup.com\/de\/news-de\/ceo-peter-werth-in-an-interview-with-the-vienna-stock-exchange-direct-talk-about-the-wolftank-group\/#article\",\"isPartOf\":{\"@id\":\"https:\/\/wolftankgroup.com\/de\/news-de\/ceo-peter-werth-in-an-interview-with-the-vienna-stock-exchange-direct-talk-about-the-wolftank-group\/\"},\"author\":{\"name\":\"Michael L.\",\"@id\":\"https:\/\/wolftankgroup.com\/de\/#\/schema\/person\/1eb4b4c91212ee435a91612a539bc6a2\"},\"headline\":\"CEO Peter Werth im Interview mit der Wiener B\u00f6rse &#8211; DIRECT TALK \u00fcber die Wolftank Group\",\"datePublished\":\"2022-05-06T10:17:22+00:00\",\"dateModified\":\"2022-09-14T13:48:32+00:00\",\"mainEntityOfPage\":{\"@id\":\"https:\/\/wolftankgroup.com\/de\/news-de\/ceo-peter-werth-in-an-interview-with-the-vienna-stock-exchange-direct-talk-about-the-wolftank-group\/\"},\"wordCount\":338,\"publisher\":{\"@id\":\"https:\/\/wolftankgroup.com\/de\/#organization\"},\"image\":{\"@id\":\"https:\/\/wolftankgroup.com\/de\/news-de\/ceo-peter-werth-in-an-interview-with-the-vienna-stock-exchange-direct-talk-about-the-wolftank-group\/#primaryimage\"},\"thumbnailUrl\":\"https:\/\/wolftankgroup.com\/mediapool\/2022\/03\/post-Image-10.jpg\",\"keywords\":[\"Biogas\",\"Industriebeschichtungen\",\"LNG\",\"Umweltdienstleistungen\",\"Wasserstoff\"],\"articleSection\":[\"News\"],\"inLanguage\":\"de\"},{\"@type\":\"WebPage\",\"@id\":\"https:\/\/wolftankgroup.com\/de\/news-de\/ceo-peter-werth-in-an-interview-with-the-vienna-stock-exchange-direct-talk-about-the-wolftank-group\/\",\"url\":\"https:\/\/wolftankgroup.com\/de\/news-de\/ceo-peter-werth-in-an-interview-with-the-vienna-stock-exchange-direct-talk-about-the-wolftank-group\/\",\"name\":\"CEO Peter Werth im Interview mit der Wiener B\u00f6rse - DIRECT TALK \u00fcber die Wolftank Group | Wolftank Group\",\"isPartOf\":{\"@id\":\"https:\/\/wolftankgroup.com\/de\/#website\"},\"primaryImageOfPage\":{\"@id\":\"https:\/\/wolftankgroup.com\/de\/news-de\/ceo-peter-werth-in-an-interview-with-the-vienna-stock-exchange-direct-talk-about-the-wolftank-group\/#primaryimage\"},\"image\":{\"@id\":\"https:\/\/wolftankgroup.com\/de\/news-de\/ceo-peter-werth-in-an-interview-with-the-vienna-stock-exchange-direct-talk-about-the-wolftank-group\/#primaryimage\"},\"thumbnailUrl\":\"https:\/\/wolftankgroup.com\/mediapool\/2022\/03\/post-Image-10.jpg\",\"datePublished\":\"2022-05-06T10:17:22+00:00\",\"dateModified\":\"2022-09-14T13:48:32+00:00\",\"description\":\"CEO Peter Werth stellt die Wolftank Group im Interview mit der Wiener B\u00f6rse - DIRECT TALK vor. Er spricht \u00fcber den Bau der Infrastrukturen zur\",\"breadcrumb\":{\"@id\":\"https:\/\/wolftankgroup.com\/de\/news-de\/ceo-peter-werth-in-an-interview-with-the-vienna-stock-exchange-direct-talk-about-the-wolftank-group\/#breadcrumb\"},\"inLanguage\":\"de\",\"potentialAction\":[{\"@type\":\"ReadAction\",\"target\":[\"https:\/\/wolftankgroup.com\/de\/news-de\/ceo-peter-werth-in-an-interview-with-the-vienna-stock-exchange-direct-talk-about-the-wolftank-group\/\"]}]},{\"@type\":\"ImageObject\",\"inLanguage\":\"de\",\"@id\":\"https:\/\/wolftankgroup.com\/de\/news-de\/ceo-peter-werth-in-an-interview-with-the-vienna-stock-exchange-direct-talk-about-the-wolftank-group\/#primaryimage\",\"url\":\"https:\/\/wolftankgroup.com\/mediapool\/2022\/03\/post-Image-10.jpg\",\"contentUrl\":\"https:\/\/wolftankgroup.com\/mediapool\/2022\/03\/post-Image-10.jpg\",\"width\":290,\"height\":300},{\"@type\":\"BreadcrumbList\",\"@id\":\"https:\/\/wolftankgroup.com\/de\/news-de\/ceo-peter-werth-in-an-interview-with-the-vienna-stock-exchange-direct-talk-about-the-wolftank-group\/#breadcrumb\",\"itemListElement\":[{\"@type\":\"ListItem\",\"position\":1,\"name\":\"Home\",\"item\":\"https:\/\/wolftankgroup.com\/de\/\"},{\"@type\":\"ListItem\",\"position\":2,\"name\":\"News\",\"item\":\"https:\/\/wolftankgroup.com\/de\/kategorie\/news-de\/\"},{\"@type\":\"ListItem\",\"position\":3,\"name\":\"CEO Peter Werth im Interview mit der Wiener B\u00f6rse &#8211; DIRECT TALK \u00fcber die Wolftank Group\"}]},{\"@type\":\"WebSite\",\"@id\":\"https:\/\/wolftankgroup.com\/de\/#website\",\"url\":\"https:\/\/wolftankgroup.com\/de\/\",\"name\":\"Wolftank Group\",\"description\":\"Energizing the future\",\"publisher\":{\"@id\":\"https:\/\/wolftankgroup.com\/de\/#organization\"},\"potentialAction\":[{\"@type\":\"SearchAction\",\"target\":{\"@type\":\"EntryPoint\",\"urlTemplate\":\"https:\/\/wolftankgroup.com\/de\/?s={search_term_string}\"},\"query-input\":{\"@type\":\"PropertyValueSpecification\",\"valueRequired\":true,\"valueName\":\"search_term_string\"}}],\"inLanguage\":\"de\"},{\"@type\":\"Organization\",\"@id\":\"https:\/\/wolftankgroup.com\/de\/#organization\",\"name\":\"Wolftank Group\",\"url\":\"https:\/\/wolftankgroup.com\/de\/\",\"logo\":{\"@type\":\"ImageObject\",\"inLanguage\":\"de\",\"@id\":\"https:\/\/wolftankgroup.com\/de\/#\/schema\/logo\/image\/\",\"url\":\"https:\/\/wolftankgroup.com\/mediapool\/2022\/04\/Wolftank_Group_Logo_RGB.jpg\",\"contentUrl\":\"https:\/\/wolftankgroup.com\/mediapool\/2022\/04\/Wolftank_Group_Logo_RGB.jpg\",\"width\":2311,\"height\":981,\"caption\":\"Wolftank Group\"},\"image\":{\"@id\":\"https:\/\/wolftankgroup.com\/de\/#\/schema\/logo\/image\/\"},\"sameAs\":[\"https:\/\/www.linkedin.com\/company\/9185741\/\"]},{\"@type\":\"Person\",\"@id\":\"https:\/\/wolftankgroup.com\/de\/#\/schema\/person\/1eb4b4c91212ee435a91612a539bc6a2\",\"name\":\"Michael L.\",\"sameAs\":[\"https:\/\/wolftankgroup.com\"]}]}<\/script>\n<!-- \/ Yoast SEO Premium plugin. -->","yoast_head_json":{"title":"CEO Peter Werth im Interview mit der Wiener B\u00f6rse - DIRECT TALK \u00fcber die Wolftank Group | Wolftank Group","description":"CEO Peter Werth stellt die Wolftank Group im Interview mit der Wiener B\u00f6rse - DIRECT TALK vor. Er spricht \u00fcber den Bau der Infrastrukturen zur","robots":{"index":"index","follow":"follow","max-snippet":"max-snippet:-1","max-image-preview":"max-image-preview:large","max-video-preview":"max-video-preview:-1"},"canonical":"https:\/\/wolftankgroup.com\/de\/news-de\/ceo-peter-werth-in-an-interview-with-the-vienna-stock-exchange-direct-talk-about-the-wolftank-group\/","og_locale":"de_DE","og_type":"article","og_title":"CEO Peter Werth im Interview mit der Wiener B\u00f6rse - DIRECT TALK \u00fcber die Wolftank Group | Wolftank Group","og_url":"https:\/\/wolftankgroup.com\/de\/news-de\/ceo-peter-werth-in-an-interview-with-the-vienna-stock-exchange-direct-talk-about-the-wolftank-group\/","og_site_name":"Wolftank Group","article_published_time":"2022-05-06T10:17:22+00:00","article_modified_time":"2022-09-14T13:48:32+00:00","og_image":[{"width":290,"height":300,"url":"https:\/\/wolftankgroup.com\/mediapool\/2022\/03\/post-Image-10.jpg","type":"image\/jpeg"}],"author":"Michael L.","twitter_card":"summary_large_image","twitter_misc":{"Verfasst von":"Michael L.","Gesch\u00e4tzte Lesezeit":"2\u00a0Minuten"},"schema":{"@context":"https:\/\/schema.org","@graph":[{"@type":"Article","@id":"https:\/\/wolftankgroup.com\/de\/news-de\/ceo-peter-werth-in-an-interview-with-the-vienna-stock-exchange-direct-talk-about-the-wolftank-group\/#article","isPartOf":{"@id":"https:\/\/wolftankgroup.com\/de\/news-de\/ceo-peter-werth-in-an-interview-with-the-vienna-stock-exchange-direct-talk-about-the-wolftank-group\/"},"author":{"name":"Michael L.","@id":"https:\/\/wolftankgroup.com\/de\/#\/schema\/person\/1eb4b4c91212ee435a91612a539bc6a2"},"headline":"CEO Peter Werth im Interview mit der Wiener B\u00f6rse &#8211; DIRECT TALK \u00fcber die Wolftank Group","datePublished":"2022-05-06T10:17:22+00:00","dateModified":"2022-09-14T13:48:32+00:00","mainEntityOfPage":{"@id":"https:\/\/wolftankgroup.com\/de\/news-de\/ceo-peter-werth-in-an-interview-with-the-vienna-stock-exchange-direct-talk-about-the-wolftank-group\/"},"wordCount":338,"publisher":{"@id":"https:\/\/wolftankgroup.com\/de\/#organization"},"image":{"@id":"https:\/\/wolftankgroup.com\/de\/news-de\/ceo-peter-werth-in-an-interview-with-the-vienna-stock-exchange-direct-talk-about-the-wolftank-group\/#primaryimage"},"thumbnailUrl":"https:\/\/wolftankgroup.com\/mediapool\/2022\/03\/post-Image-10.jpg","keywords":["Biogas","Industriebeschichtungen","LNG","Umweltdienstleistungen","Wasserstoff"],"articleSection":["News"],"inLanguage":"de"},{"@type":"WebPage","@id":"https:\/\/wolftankgroup.com\/de\/news-de\/ceo-peter-werth-in-an-interview-with-the-vienna-stock-exchange-direct-talk-about-the-wolftank-group\/","url":"https:\/\/wolftankgroup.com\/de\/news-de\/ceo-peter-werth-in-an-interview-with-the-vienna-stock-exchange-direct-talk-about-the-wolftank-group\/","name":"CEO Peter Werth im Interview mit der Wiener B\u00f6rse - DIRECT TALK \u00fcber die Wolftank Group | Wolftank Group","isPartOf":{"@id":"https:\/\/wolftankgroup.com\/de\/#website"},"primaryImageOfPage":{"@id":"https:\/\/wolftankgroup.com\/de\/news-de\/ceo-peter-werth-in-an-interview-with-the-vienna-stock-exchange-direct-talk-about-the-wolftank-group\/#primaryimage"},"image":{"@id":"https:\/\/wolftankgroup.com\/de\/news-de\/ceo-peter-werth-in-an-interview-with-the-vienna-stock-exchange-direct-talk-about-the-wolftank-group\/#primaryimage"},"thumbnailUrl":"https:\/\/wolftankgroup.com\/mediapool\/2022\/03\/post-Image-10.jpg","datePublished":"2022-05-06T10:17:22+00:00","dateModified":"2022-09-14T13:48:32+00:00","description":"CEO Peter Werth stellt die Wolftank Group im Interview mit der Wiener B\u00f6rse - DIRECT TALK vor. Er spricht \u00fcber den Bau der Infrastrukturen zur","breadcrumb":{"@id":"https:\/\/wolftankgroup.com\/de\/news-de\/ceo-peter-werth-in-an-interview-with-the-vienna-stock-exchange-direct-talk-about-the-wolftank-group\/#breadcrumb"},"inLanguage":"de","potentialAction":[{"@type":"ReadAction","target":["https:\/\/wolftankgroup.com\/de\/news-de\/ceo-peter-werth-in-an-interview-with-the-vienna-stock-exchange-direct-talk-about-the-wolftank-group\/"]}]},{"@type":"ImageObject","inLanguage":"de","@id":"https:\/\/wolftankgroup.com\/de\/news-de\/ceo-peter-werth-in-an-interview-with-the-vienna-stock-exchange-direct-talk-about-the-wolftank-group\/#primaryimage","url":"https:\/\/wolftankgroup.com\/mediapool\/2022\/03\/post-Image-10.jpg","contentUrl":"https:\/\/wolftankgroup.com\/mediapool\/2022\/03\/post-Image-10.jpg","width":290,"height":300},{"@type":"BreadcrumbList","@id":"https:\/\/wolftankgroup.com\/de\/news-de\/ceo-peter-werth-in-an-interview-with-the-vienna-stock-exchange-direct-talk-about-the-wolftank-group\/#breadcrumb","itemListElement":[{"@type":"ListItem","position":1,"name":"Home","item":"https:\/\/wolftankgroup.com\/de\/"},{"@type":"ListItem","position":2,"name":"News","item":"https:\/\/wolftankgroup.com\/de\/kategorie\/news-de\/"},{"@type":"ListItem","position":3,"name":"CEO Peter Werth im Interview mit der Wiener B\u00f6rse &#8211; DIRECT TALK \u00fcber die Wolftank Group"}]},{"@type":"WebSite","@id":"https:\/\/wolftankgroup.com\/de\/#website","url":"https:\/\/wolftankgroup.com\/de\/","name":"Wolftank Group","description":"Energizing the future","publisher":{"@id":"https:\/\/wolftankgroup.com\/de\/#organization"},"potentialAction":[{"@type":"SearchAction","target":{"@type":"EntryPoint","urlTemplate":"https:\/\/wolftankgroup.com\/de\/?s={search_term_string}"},"query-input":{"@type":"PropertyValueSpecification","valueRequired":true,"valueName":"search_term_string"}}],"inLanguage":"de"},{"@type":"Organization","@id":"https:\/\/wolftankgroup.com\/de\/#organization","name":"Wolftank Group","url":"https:\/\/wolftankgroup.com\/de\/","logo":{"@type":"ImageObject","inLanguage":"de","@id":"https:\/\/wolftankgroup.com\/de\/#\/schema\/logo\/image\/","url":"https:\/\/wolftankgroup.com\/mediapool\/2022\/04\/Wolftank_Group_Logo_RGB.jpg","contentUrl":"https:\/\/wolftankgroup.com\/mediapool\/2022\/04\/Wolftank_Group_Logo_RGB.jpg","width":2311,"height":981,"caption":"Wolftank Group"},"image":{"@id":"https:\/\/wolftankgroup.com\/de\/#\/schema\/logo\/image\/"},"sameAs":["https:\/\/www.linkedin.com\/company\/9185741\/"]},{"@type":"Person","@id":"https:\/\/wolftankgroup.com\/de\/#\/schema\/person\/1eb4b4c91212ee435a91612a539bc6a2","name":"Michael L.","sameAs":["https:\/\/wolftankgroup.com"]}]}},"_links":{"self":[{"href":"https:\/\/wolftankgroup.com\/de\/wp-json\/wp\/v2\/posts\/12621","targetHints":{"allow":["GET"]}}],"collection":[{"href":"https:\/\/wolftankgroup.com\/de\/wp-json\/wp\/v2\/posts"}],"about":[{"href":"https:\/\/wolftankgroup.com\/de\/wp-json\/wp\/v2\/types\/post"}],"author":[{"embeddable":true,"href":"https:\/\/wolftankgroup.com\/de\/wp-json\/wp\/v2\/users\/1"}],"replies":[{"embeddable":true,"href":"https:\/\/wolftankgroup.com\/de\/wp-json\/wp\/v2\/comments?post=12621"}],"version-history":[{"count":0,"href":"https:\/\/wolftankgroup.com\/de\/wp-json\/wp\/v2\/posts\/12621\/revisions"}],"wp:featuredmedia":[{"embeddable":true,"href":"https:\/\/wolftankgroup.com\/de\/wp-json\/wp\/v2\/media\/9771"}],"wp:attachment":[{"href":"https:\/\/wolftankgroup.com\/de\/wp-json\/wp\/v2\/media?parent=12621"}],"wp:term":[{"taxonomy":"category","embeddable":true,"href":"https:\/\/wolftankgroup.com\/de\/wp-json\/wp\/v2\/categories?post=12621"},{"taxonomy":"post_tag","embeddable":true,"href":"https:\/\/wolftankgroup.com\/de\/wp-json\/wp\/v2\/tags?post=12621"}],"curies":[{"name":"wp","href":"https:\/\/api.w.org\/{rel}","templated":true}]}}