{"id":14299,"date":"2023-05-04T11:43:33","date_gmt":"2023-05-04T09:43:33","guid":{"rendered":"https:\/\/wolftankgroup.com\/unkategorisiert\/wolftank-group-wird-ueber-400-e-ladesaeulen-in-italien-errichten\/"},"modified":"2023-05-04T12:20:57","modified_gmt":"2023-05-04T10:20:57","slug":"wolftank-group-wird-ueber-400-e-ladesaeulen-in-italien-errichten","status":"publish","type":"post","link":"https:\/\/wolftankgroup.com\/de\/corporate-news-de\/wolftank-group-wird-ueber-400-e-ladesaeulen-in-italien-errichten\/","title":{"rendered":"Wolftank Group wird \u00fcber 400 E-Lades\u00e4ulen in Italien errichten"},"content":{"rendered":"<p><strong>Mehr als 100 hoch frequentierte Standorte f\u00fcr neue Schnell-Ladestationen<\/strong><\/p>\n<p><strong>Auftr\u00e4ge von \u00fcber EUR 2,5 Millionen aus Rahmenvertr\u00e4gen in H\u00f6he von ca. EUR 4 Millionen <\/strong><\/p>\n<p>Die Wolftank Group (<a href=\"https:\/\/www.boerse-frankfurt.de\/equity\/wolftank-adisa-hldg-o-n\">Wolftank<\/a>-Adisa Holding AG, ISIN: AT0000A25NJ6), spezialisiert auf Technologien f\u00fcr Energie- und Umweltl\u00f6sungen, hat Kooperationsvereinbarungen mit mehreren f\u00fchrenden E-Mobilit\u00e4ts-Anbietern in Italien abgeschlossen und installiert \u00fcber 400 vorwiegend Schnell-Ladestationen. Die ersten E-Lades\u00e4ulen wurden bereits erfolgreich aufgestellt und in Betrieb genommen. Zahlreiche weitere werden in den kommenden Monaten an etwa 115 hoch frequentierten Standorten wie Autobahn-Rastst\u00e4tten, Bahnhofsparkpl\u00e4tzen, Tankstellen und \u00f6ffentlichen Bereichen errichtet.<\/p>\n<p>Damit n\u00fctzt die Gruppe das hohe Potenzial der E-Mobilit\u00e4t und setzt ihr langj\u00e4hriges Know-how im Ausbau der emissionsfreien Betankungs-Infrastruktur ein. F\u00fcr diese Projekte wird ein Umsatz von etwa EUR 4 Millionen erwartet. Zus\u00e4tzlich bieten die Entwicklung des Sektors und das gesammelte Know-how bei elektrischen Ladesystemen neue M\u00f6glichkeiten zur Errichtung weiterer E-Lades\u00e4ulen in Italien, Spanien und der EU. Die Wolftank Group sieht sich in ihrer Strategie best\u00e4tigt und hat mit der Investition in das italienische Unternehmen Mares, das via Joint Venture mit Kuwait Petroleum Italia zur Gruppe geh\u00f6rt, eine optimale Grundlage f\u00fcr die k\u00fcnftige Entwicklung im E-Mobilit\u00e4tsbereich geschaffen.<\/p>\n<p><em>\u201eWir konnten unser Know-how sowie unser Netzwerk in Italien gezielt nutzen, um wichtige Auftr\u00e4ge im Bereich der E-Mobilit\u00e4t zu gewinnen. Der Ausbau von E-Ladeinfrastruktur wird weltweit ben\u00f6tigt und uns auch k\u00fcnftig gutes Potenzial bieten. Unser Ziel ist, eine tragende S\u00e4ule f\u00fcr emissionsfreie Fahrzeugbetankung zu werden und die Infrastruktur f\u00fcr die Mobilit\u00e4t der Zukunft zu errichten, sei es E-Mobilit\u00e4t oder insbesondere Wasserstoff. Die gewonnenen Auftr\u00e4ge geben uns die M\u00f6glichkeit, unsere Marktposition zu behaupten und weiter auszubauen\u201c, <\/em>sagt Peter Werth, CEO der Wolftank Group.<\/p>\n<p><img fetchpriority=\"high\" decoding=\"async\" class=\"alignnone wp-image-14291 size-full\" src=\"https:\/\/wolftankgroup.com\/mediapool\/2023\/05\/04-05-2023-Wolftank-Group-PA.jpg\" alt=\"Wolftank Group installing e-charging stations in Italy.\" width=\"2000\" height=\"1500\" srcset=\"https:\/\/wolftankgroup.com\/mediapool\/2023\/05\/04-05-2023-Wolftank-Group-PA.jpg 2000w, https:\/\/wolftankgroup.com\/mediapool\/2023\/05\/04-05-2023-Wolftank-Group-PA-300x225.jpg 300w, https:\/\/wolftankgroup.com\/mediapool\/2023\/05\/04-05-2023-Wolftank-Group-PA-1024x768.jpg 1024w, https:\/\/wolftankgroup.com\/mediapool\/2023\/05\/04-05-2023-Wolftank-Group-PA-768x576.jpg 768w, https:\/\/wolftankgroup.com\/mediapool\/2023\/05\/04-05-2023-Wolftank-Group-PA-1536x1152.jpg 1536w\" sizes=\"(max-width: 2000px) 100vw, 2000px\" \/><\/p>\n<p><strong>\u00dcber die Wolftank Group<\/strong><\/p>\n<p>Die Wolftank Group ist ein weltweit agierender, f\u00fchrender Technologiepartner f\u00fcr Energie- und Umweltl\u00f6sungen. Im Bereich der Mobilit\u00e4t und Logistik von Energietr\u00e4gern unterst\u00fctzt die Gruppe Kunden in \u00fcber 20 L\u00e4ndern, Projekte effizient und umweltschonend umzusetzen. Daf\u00fcr entwickelt und implementiert sie Technologien von morgen, um den Verkehr zu dekarbonisieren und die Infrastruktur f\u00fcr eine emissionsfreie Mobilit\u00e4t zu bauen \u2013 etwa durch die schl\u00fcsselfertige Lieferung von modularen Wasserstoff- und LNG-Betankungsanlagen. Im Bereich der Umweltl\u00f6sungen z\u00e4hlen Due Diligences f\u00fcr Umweltrisiken, ma\u00dfgeschneiderte Services f\u00fcr Boden- und Grundwassersanierung sowie Recycling zum Angebot. Gesteuert werden die Tochtergesellschaften der Gruppe in acht L\u00e4ndern auf drei Kontinenten durch die Wolftank-Adisa Holding AG mit Sitz in Innsbruck. Die Aktie der Wolftank-Adisa Holding AG (WKN: A2PBHR; ISIN: AT0000A25NJ6) notiert im direct market plus Segment der Wiener B\u00f6rse AG und im m:access der B\u00f6rse M\u00fcnchen und wird auf Xetra, der Frankfurter und Berliner Wertpapierb\u00f6rse gehandelt. Weitere Informationen: <a href=\"http:\/\/www.wolftankgroup.com\">www.wolftankgroup.com<\/a><\/p>\n<p>&nbsp;<\/p>\n<p>Hier finden Sie die Corporate News zum Download:<\/p>\n<p>Deutsch: <div class='w3eden'><div class=\"media well link-template-widget\">\n    <a class=\"mr-3 img-48\" href=\"https:\/\/wolftankgroup.com\/de\/download\/wolftank-group-wird-ueber-400-e-ladesaeulen-in-italien-errichten\/?wpdmdl=14294&refresh=69f1e90e4e4271777461518\" target=\"_blank\">\n        <img decoding=\"async\" class=\"wpdm_icon\" alt=\"Icon\" src=\"https:\/\/wolftankgroup.com\/wp-content\/plugins\/download-manager\/assets\/file-type-icons\/pdf.svg\" \/>\n    <\/a>\n    <div class=\"media-body\">\n        <a href=\"https:\/\/wolftankgroup.com\/de\/download\/wolftank-group-wird-ueber-400-e-ladesaeulen-in-italien-errichten\/?wpdmdl=14294&refresh=69f1e90e4e4271777461518\" target=\"_blank\" style=\"display: block;clear: bottom;font-size: 11pt;font-weight: bold;\">Wolftank Group wird \u00fcber 400 E-Lades\u00e4ulen in Italien errichten<\/a>\n        <div style=\"font-size: 9pt!important;color:#9a9a9a;\">\n\t\t\tMai 4, 2023 &nbsp;&nbsp;&nbsp; <i class=\"fas fa-hdd\"><\/i> 236.77 KB <i class=\"fa fa-copy ml-3\"><\/i> \n            1 file(s)\n        <\/div>\n    <\/div>\n<\/div>\n<\/div><\/p>\n<p>Italienisch: <div class='w3eden'><div class=\"media well link-template-widget\">\n    <a class=\"mr-3 img-48\" href=\"https:\/\/wolftankgroup.com\/download\/wolftank-group-pronta-ad-installare-oltre-400-punti-di-ricarica-elettrica-in-italia\/?wpdmdl=14295&refresh=69f1e90e9727e1777461518\" target=\"_blank\">\n        <img decoding=\"async\" class=\"wpdm_icon\" alt=\"Icon\" src=\"https:\/\/wolftankgroup.com\/wp-content\/plugins\/download-manager\/assets\/file-type-icons\/pdf.svg\" \/>\n    <\/a>\n    <div class=\"media-body\">\n        <a href=\"https:\/\/wolftankgroup.com\/download\/wolftank-group-pronta-ad-installare-oltre-400-punti-di-ricarica-elettrica-in-italia\/?wpdmdl=14295&refresh=69f1e90e9727e1777461518\" target=\"_blank\" style=\"display: block;clear: bottom;font-size: 11pt;font-weight: bold;\">Wolftank Group pronta ad installare oltre 400 punti di ricarica elettrica in Italia<\/a>\n        <div style=\"font-size: 9pt!important;color:#9a9a9a;\">\n\t\t\tMai 4, 2023 &nbsp;&nbsp;&nbsp; <i class=\"fas fa-hdd\"><\/i> 219.81 KB <i class=\"fa fa-copy ml-3\"><\/i> \n            1 file(s)\n        <\/div>\n    <\/div>\n<\/div>\n<\/div><\/p>\n<p>&nbsp;<\/p>\n<p><strong>Disclaimer:<\/strong><\/p>\n<p>Diese Kommunikation enth\u00e4lt Aussagen, die die Zukunft betreffen und sich auf einen aktuellen Kenntnisstand, Erwartungen und Vorhersagen der Gesch\u00e4ftsleitung der Gesellschaft Wolftank-Adisa Holding AG \u00fcber die Zukunft beziehen. S\u00e4mtliche Statements unterliegen potenziell unsicheren Annahmen und Risiken, die eine auch wesentliche Abweichung von den direkt oder indirekt kommunizierten Aussagen oder Ergebnisse zur Folge haben k\u00f6nnen. Solche Statements sind durch den Gebrauch von W\u00f6rtern wie z.B. \u201eerwarten\u201c, \u201eplanen\u201c, \u201erechnen\u201c, \u201eZielsetzung\u201c, \u201esch\u00e4tzen\u201c, \u201edavon ausgehen\u201c oder \u00e4hnliche zu erkennen. Folglich gelten Statements, die die Zukunft betreffen auch nur zu dem Zeitpunkt, an dem sie gemacht wurden. Eine Verpflichtung, Statements aus dieser Meldung in der Zukunft anzupassen oder zu berichtigen bzw. zu kontrollieren \u00fcbernimmt die Gesellschaft nicht.<\/p>\n","protected":false},"excerpt":{"rendered":"<p>Mehr als 100 hoch frequentierte Standorte f\u00fcr neue Schnell-Ladestationen Auftr\u00e4ge von \u00fcber EUR 2,5 Millionen aus Rahmenvertr\u00e4gen in H\u00f6he von ca. EUR 4 Millionen Die Wolftank Group (Wolftank-Adisa Holding AG, ISIN: AT0000A25NJ6), spezialisiert auf Technologien f\u00fcr Energie- und Umweltl\u00f6sungen, hat Kooperationsvereinbarungen mit mehreren f\u00fchrenden E-Mobilit\u00e4ts-Anbietern in Italien abgeschlossen und installiert \u00fcber 400 vorwiegend Schnell-Ladestationen. Die [&hellip;]<\/p>\n","protected":false},"author":1,"featured_media":0,"comment_status":"closed","ping_status":"closed","sticky":false,"template":"","format":"standard","meta":{"site-sidebar-layout":"default","site-content-layout":"default","ast-site-content-layout":"default","site-content-style":"default","site-sidebar-style":"default","ast-global-header-display":"","ast-banner-title-visibility":"","ast-main-header-display":"disabled","ast-hfb-above-header-display":"disabled","ast-hfb-below-header-display":"disabled","ast-hfb-mobile-header-display":"disabled","site-post-title":"disabled","ast-breadcrumbs-content":"disabled","ast-featured-img":"disabled","footer-sml-layout":"disabled","ast-disable-related-posts":"","theme-transparent-header-meta":"default","adv-header-id-meta":"","stick-header-meta":"","header-above-stick-meta":"","header-main-stick-meta":"","header-below-stick-meta":"","astra-migrate-meta-layouts":"default","ast-page-background-enabled":"default","ast-page-background-meta":{"desktop":{"background-color":"var(--ast-global-color-4)","background-image":"","background-repeat":"repeat","background-position":"center center","background-size":"auto","background-attachment":"scroll","background-type":"","background-media":"","overlay-type":"","overlay-color":"","overlay-opacity":"","overlay-gradient":""},"tablet":{"background-color":"","background-image":"","background-repeat":"repeat","background-position":"center center","background-size":"auto","background-attachment":"scroll","background-type":"","background-media":"","overlay-type":"","overlay-color":"","overlay-opacity":"","overlay-gradient":""},"mobile":{"background-color":"","background-image":"","background-repeat":"repeat","background-position":"center center","background-size":"auto","background-attachment":"scroll","background-type":"","background-media":"","overlay-type":"","overlay-color":"","overlay-opacity":"","overlay-gradient":""}},"ast-content-background-meta":{"desktop":{"background-color":"var(--ast-global-color-5)","background-image":"","background-repeat":"repeat","background-position":"center center","background-size":"auto","background-attachment":"scroll","background-type":"","background-media":"","overlay-type":"","overlay-color":"","overlay-opacity":"","overlay-gradient":""},"tablet":{"background-color":"var(--ast-global-color-5)","background-image":"","background-repeat":"repeat","background-position":"center center","background-size":"auto","background-attachment":"scroll","background-type":"","background-media":"","overlay-type":"","overlay-color":"","overlay-opacity":"","overlay-gradient":""},"mobile":{"background-color":"var(--ast-global-color-5)","background-image":"","background-repeat":"repeat","background-position":"center center","background-size":"auto","background-attachment":"scroll","background-type":"","background-media":"","overlay-type":"","overlay-color":"","overlay-opacity":"","overlay-gradient":""}},"footnotes":""},"categories":[152,161],"tags":[242],"class_list":["post-14299","post","type-post","status-publish","format-standard","hentry","category-corporate-news-de","category-pressemeldungen","tag-e-mobility-de"],"yoast_head":"<!-- This site is optimized with the Yoast SEO Premium plugin v18.4 (Yoast SEO v25.3) - https:\/\/yoast.com\/wordpress\/plugins\/seo\/ -->\n<title>Wolftank Group wird \u00fcber 400 E-Lades\u00e4ulen in Italien errichten | Wolftank Group<\/title>\n<meta name=\"description\" content=\"Mehr als 100 hoch frequentierte Standorte f\u00fcr neue Schnell-Ladestationen Auftr\u00e4ge von \u00fcber EUR 2,5 Millionen aus Rahmenvertr\u00e4gen in H\u00f6he von ca. EUR 4\" \/>\n<meta name=\"robots\" content=\"index, follow, max-snippet:-1, max-image-preview:large, max-video-preview:-1\" \/>\n<link rel=\"canonical\" href=\"https:\/\/wolftankgroup.com\/de\/corporate-news-de\/wolftank-group-wird-ueber-400-e-ladesaeulen-in-italien-errichten\/\" \/>\n<meta property=\"og:locale\" content=\"de_DE\" \/>\n<meta property=\"og:type\" content=\"article\" \/>\n<meta property=\"og:title\" content=\"Wolftank Group wird \u00fcber 400 E-Lades\u00e4ulen in Italien errichten | Wolftank Group\" \/>\n<meta property=\"og:url\" content=\"https:\/\/wolftankgroup.com\/de\/corporate-news-de\/wolftank-group-wird-ueber-400-e-ladesaeulen-in-italien-errichten\/\" \/>\n<meta property=\"og:site_name\" content=\"Wolftank Group\" \/>\n<meta property=\"article:published_time\" content=\"2023-05-04T09:43:33+00:00\" \/>\n<meta property=\"article:modified_time\" content=\"2023-05-04T10:20:57+00:00\" \/>\n<meta property=\"og:image\" content=\"https:\/\/wolftankgroup.com\/mediapool\/2023\/05\/04-05-2023-Wolftank-Group-PA.jpg\" \/>\n<meta name=\"author\" content=\"Michael L.\" \/>\n<meta name=\"twitter:card\" content=\"summary_large_image\" \/>\n<meta name=\"twitter:label1\" content=\"Verfasst von\" \/>\n\t<meta name=\"twitter:data1\" content=\"Michael L.\" \/>\n\t<meta name=\"twitter:label2\" content=\"Gesch\u00e4tzte Lesezeit\" \/>\n\t<meta name=\"twitter:data2\" content=\"3\u00a0Minuten\" \/>\n<script type=\"application\/ld+json\" class=\"yoast-schema-graph\">{\"@context\":\"https:\/\/schema.org\",\"@graph\":[{\"@type\":\"Article\",\"@id\":\"https:\/\/wolftankgroup.com\/de\/corporate-news-de\/wolftank-group-wird-ueber-400-e-ladesaeulen-in-italien-errichten\/#article\",\"isPartOf\":{\"@id\":\"https:\/\/wolftankgroup.com\/de\/corporate-news-de\/wolftank-group-wird-ueber-400-e-ladesaeulen-in-italien-errichten\/\"},\"author\":{\"name\":\"Michael L.\",\"@id\":\"https:\/\/wolftankgroup.com\/de\/#\/schema\/person\/1eb4b4c91212ee435a91612a539bc6a2\"},\"headline\":\"Wolftank Group wird \u00fcber 400 E-Lades\u00e4ulen in Italien errichten\",\"datePublished\":\"2023-05-04T09:43:33+00:00\",\"dateModified\":\"2023-05-04T10:20:57+00:00\",\"mainEntityOfPage\":{\"@id\":\"https:\/\/wolftankgroup.com\/de\/corporate-news-de\/wolftank-group-wird-ueber-400-e-ladesaeulen-in-italien-errichten\/\"},\"wordCount\":619,\"publisher\":{\"@id\":\"https:\/\/wolftankgroup.com\/de\/#organization\"},\"image\":{\"@id\":\"https:\/\/wolftankgroup.com\/de\/corporate-news-de\/wolftank-group-wird-ueber-400-e-ladesaeulen-in-italien-errichten\/#primaryimage\"},\"thumbnailUrl\":\"https:\/\/wolftankgroup.com\/mediapool\/2023\/05\/04-05-2023-Wolftank-Group-PA.jpg\",\"keywords\":[\"E-mobility\"],\"articleSection\":[\"Corporate News\",\"Pressemeldungen\"],\"inLanguage\":\"de\"},{\"@type\":\"WebPage\",\"@id\":\"https:\/\/wolftankgroup.com\/de\/corporate-news-de\/wolftank-group-wird-ueber-400-e-ladesaeulen-in-italien-errichten\/\",\"url\":\"https:\/\/wolftankgroup.com\/de\/corporate-news-de\/wolftank-group-wird-ueber-400-e-ladesaeulen-in-italien-errichten\/\",\"name\":\"Wolftank Group wird \u00fcber 400 E-Lades\u00e4ulen in Italien errichten | Wolftank Group\",\"isPartOf\":{\"@id\":\"https:\/\/wolftankgroup.com\/de\/#website\"},\"primaryImageOfPage\":{\"@id\":\"https:\/\/wolftankgroup.com\/de\/corporate-news-de\/wolftank-group-wird-ueber-400-e-ladesaeulen-in-italien-errichten\/#primaryimage\"},\"image\":{\"@id\":\"https:\/\/wolftankgroup.com\/de\/corporate-news-de\/wolftank-group-wird-ueber-400-e-ladesaeulen-in-italien-errichten\/#primaryimage\"},\"thumbnailUrl\":\"https:\/\/wolftankgroup.com\/mediapool\/2023\/05\/04-05-2023-Wolftank-Group-PA.jpg\",\"datePublished\":\"2023-05-04T09:43:33+00:00\",\"dateModified\":\"2023-05-04T10:20:57+00:00\",\"description\":\"Mehr als 100 hoch frequentierte Standorte f\u00fcr neue Schnell-Ladestationen Auftr\u00e4ge von \u00fcber EUR 2,5 Millionen aus Rahmenvertr\u00e4gen in H\u00f6he von ca. EUR 4\",\"breadcrumb\":{\"@id\":\"https:\/\/wolftankgroup.com\/de\/corporate-news-de\/wolftank-group-wird-ueber-400-e-ladesaeulen-in-italien-errichten\/#breadcrumb\"},\"inLanguage\":\"de\",\"potentialAction\":[{\"@type\":\"ReadAction\",\"target\":[\"https:\/\/wolftankgroup.com\/de\/corporate-news-de\/wolftank-group-wird-ueber-400-e-ladesaeulen-in-italien-errichten\/\"]}]},{\"@type\":\"ImageObject\",\"inLanguage\":\"de\",\"@id\":\"https:\/\/wolftankgroup.com\/de\/corporate-news-de\/wolftank-group-wird-ueber-400-e-ladesaeulen-in-italien-errichten\/#primaryimage\",\"url\":\"https:\/\/wolftankgroup.com\/mediapool\/2023\/05\/04-05-2023-Wolftank-Group-PA.jpg\",\"contentUrl\":\"https:\/\/wolftankgroup.com\/mediapool\/2023\/05\/04-05-2023-Wolftank-Group-PA.jpg\"},{\"@type\":\"BreadcrumbList\",\"@id\":\"https:\/\/wolftankgroup.com\/de\/corporate-news-de\/wolftank-group-wird-ueber-400-e-ladesaeulen-in-italien-errichten\/#breadcrumb\",\"itemListElement\":[{\"@type\":\"ListItem\",\"position\":1,\"name\":\"Home\",\"item\":\"https:\/\/wolftankgroup.com\/de\/\"},{\"@type\":\"ListItem\",\"position\":2,\"name\":\"Corporate News\",\"item\":\"https:\/\/wolftankgroup.com\/de\/kategorie\/corporate-news-de\/\"},{\"@type\":\"ListItem\",\"position\":3,\"name\":\"Wolftank Group wird \u00fcber 400 E-Lades\u00e4ulen in Italien errichten\"}]},{\"@type\":\"WebSite\",\"@id\":\"https:\/\/wolftankgroup.com\/de\/#website\",\"url\":\"https:\/\/wolftankgroup.com\/de\/\",\"name\":\"Wolftank Group\",\"description\":\"Energizing the future\",\"publisher\":{\"@id\":\"https:\/\/wolftankgroup.com\/de\/#organization\"},\"potentialAction\":[{\"@type\":\"SearchAction\",\"target\":{\"@type\":\"EntryPoint\",\"urlTemplate\":\"https:\/\/wolftankgroup.com\/de\/?s={search_term_string}\"},\"query-input\":{\"@type\":\"PropertyValueSpecification\",\"valueRequired\":true,\"valueName\":\"search_term_string\"}}],\"inLanguage\":\"de\"},{\"@type\":\"Organization\",\"@id\":\"https:\/\/wolftankgroup.com\/de\/#organization\",\"name\":\"Wolftank Group\",\"url\":\"https:\/\/wolftankgroup.com\/de\/\",\"logo\":{\"@type\":\"ImageObject\",\"inLanguage\":\"de\",\"@id\":\"https:\/\/wolftankgroup.com\/de\/#\/schema\/logo\/image\/\",\"url\":\"https:\/\/wolftankgroup.com\/mediapool\/2022\/04\/Wolftank_Group_Logo_RGB.jpg\",\"contentUrl\":\"https:\/\/wolftankgroup.com\/mediapool\/2022\/04\/Wolftank_Group_Logo_RGB.jpg\",\"width\":2311,\"height\":981,\"caption\":\"Wolftank Group\"},\"image\":{\"@id\":\"https:\/\/wolftankgroup.com\/de\/#\/schema\/logo\/image\/\"},\"sameAs\":[\"https:\/\/www.linkedin.com\/company\/9185741\/\"]},{\"@type\":\"Person\",\"@id\":\"https:\/\/wolftankgroup.com\/de\/#\/schema\/person\/1eb4b4c91212ee435a91612a539bc6a2\",\"name\":\"Michael L.\",\"sameAs\":[\"https:\/\/wolftankgroup.com\"]}]}<\/script>\n<!-- \/ Yoast SEO Premium plugin. -->","yoast_head_json":{"title":"Wolftank Group wird \u00fcber 400 E-Lades\u00e4ulen in Italien errichten | Wolftank Group","description":"Mehr als 100 hoch frequentierte Standorte f\u00fcr neue Schnell-Ladestationen Auftr\u00e4ge von \u00fcber EUR 2,5 Millionen aus Rahmenvertr\u00e4gen in H\u00f6he von ca. EUR 4","robots":{"index":"index","follow":"follow","max-snippet":"max-snippet:-1","max-image-preview":"max-image-preview:large","max-video-preview":"max-video-preview:-1"},"canonical":"https:\/\/wolftankgroup.com\/de\/corporate-news-de\/wolftank-group-wird-ueber-400-e-ladesaeulen-in-italien-errichten\/","og_locale":"de_DE","og_type":"article","og_title":"Wolftank Group wird \u00fcber 400 E-Lades\u00e4ulen in Italien errichten | Wolftank Group","og_url":"https:\/\/wolftankgroup.com\/de\/corporate-news-de\/wolftank-group-wird-ueber-400-e-ladesaeulen-in-italien-errichten\/","og_site_name":"Wolftank Group","article_published_time":"2023-05-04T09:43:33+00:00","article_modified_time":"2023-05-04T10:20:57+00:00","og_image":[{"url":"https:\/\/wolftankgroup.com\/mediapool\/2023\/05\/04-05-2023-Wolftank-Group-PA.jpg","type":"","width":"","height":""}],"author":"Michael L.","twitter_card":"summary_large_image","twitter_misc":{"Verfasst von":"Michael L.","Gesch\u00e4tzte Lesezeit":"3\u00a0Minuten"},"schema":{"@context":"https:\/\/schema.org","@graph":[{"@type":"Article","@id":"https:\/\/wolftankgroup.com\/de\/corporate-news-de\/wolftank-group-wird-ueber-400-e-ladesaeulen-in-italien-errichten\/#article","isPartOf":{"@id":"https:\/\/wolftankgroup.com\/de\/corporate-news-de\/wolftank-group-wird-ueber-400-e-ladesaeulen-in-italien-errichten\/"},"author":{"name":"Michael L.","@id":"https:\/\/wolftankgroup.com\/de\/#\/schema\/person\/1eb4b4c91212ee435a91612a539bc6a2"},"headline":"Wolftank Group wird \u00fcber 400 E-Lades\u00e4ulen in Italien errichten","datePublished":"2023-05-04T09:43:33+00:00","dateModified":"2023-05-04T10:20:57+00:00","mainEntityOfPage":{"@id":"https:\/\/wolftankgroup.com\/de\/corporate-news-de\/wolftank-group-wird-ueber-400-e-ladesaeulen-in-italien-errichten\/"},"wordCount":619,"publisher":{"@id":"https:\/\/wolftankgroup.com\/de\/#organization"},"image":{"@id":"https:\/\/wolftankgroup.com\/de\/corporate-news-de\/wolftank-group-wird-ueber-400-e-ladesaeulen-in-italien-errichten\/#primaryimage"},"thumbnailUrl":"https:\/\/wolftankgroup.com\/mediapool\/2023\/05\/04-05-2023-Wolftank-Group-PA.jpg","keywords":["E-mobility"],"articleSection":["Corporate News","Pressemeldungen"],"inLanguage":"de"},{"@type":"WebPage","@id":"https:\/\/wolftankgroup.com\/de\/corporate-news-de\/wolftank-group-wird-ueber-400-e-ladesaeulen-in-italien-errichten\/","url":"https:\/\/wolftankgroup.com\/de\/corporate-news-de\/wolftank-group-wird-ueber-400-e-ladesaeulen-in-italien-errichten\/","name":"Wolftank Group wird \u00fcber 400 E-Lades\u00e4ulen in Italien errichten | Wolftank Group","isPartOf":{"@id":"https:\/\/wolftankgroup.com\/de\/#website"},"primaryImageOfPage":{"@id":"https:\/\/wolftankgroup.com\/de\/corporate-news-de\/wolftank-group-wird-ueber-400-e-ladesaeulen-in-italien-errichten\/#primaryimage"},"image":{"@id":"https:\/\/wolftankgroup.com\/de\/corporate-news-de\/wolftank-group-wird-ueber-400-e-ladesaeulen-in-italien-errichten\/#primaryimage"},"thumbnailUrl":"https:\/\/wolftankgroup.com\/mediapool\/2023\/05\/04-05-2023-Wolftank-Group-PA.jpg","datePublished":"2023-05-04T09:43:33+00:00","dateModified":"2023-05-04T10:20:57+00:00","description":"Mehr als 100 hoch frequentierte Standorte f\u00fcr neue Schnell-Ladestationen Auftr\u00e4ge von \u00fcber EUR 2,5 Millionen aus Rahmenvertr\u00e4gen in H\u00f6he von ca. EUR 4","breadcrumb":{"@id":"https:\/\/wolftankgroup.com\/de\/corporate-news-de\/wolftank-group-wird-ueber-400-e-ladesaeulen-in-italien-errichten\/#breadcrumb"},"inLanguage":"de","potentialAction":[{"@type":"ReadAction","target":["https:\/\/wolftankgroup.com\/de\/corporate-news-de\/wolftank-group-wird-ueber-400-e-ladesaeulen-in-italien-errichten\/"]}]},{"@type":"ImageObject","inLanguage":"de","@id":"https:\/\/wolftankgroup.com\/de\/corporate-news-de\/wolftank-group-wird-ueber-400-e-ladesaeulen-in-italien-errichten\/#primaryimage","url":"https:\/\/wolftankgroup.com\/mediapool\/2023\/05\/04-05-2023-Wolftank-Group-PA.jpg","contentUrl":"https:\/\/wolftankgroup.com\/mediapool\/2023\/05\/04-05-2023-Wolftank-Group-PA.jpg"},{"@type":"BreadcrumbList","@id":"https:\/\/wolftankgroup.com\/de\/corporate-news-de\/wolftank-group-wird-ueber-400-e-ladesaeulen-in-italien-errichten\/#breadcrumb","itemListElement":[{"@type":"ListItem","position":1,"name":"Home","item":"https:\/\/wolftankgroup.com\/de\/"},{"@type":"ListItem","position":2,"name":"Corporate News","item":"https:\/\/wolftankgroup.com\/de\/kategorie\/corporate-news-de\/"},{"@type":"ListItem","position":3,"name":"Wolftank Group wird \u00fcber 400 E-Lades\u00e4ulen in Italien errichten"}]},{"@type":"WebSite","@id":"https:\/\/wolftankgroup.com\/de\/#website","url":"https:\/\/wolftankgroup.com\/de\/","name":"Wolftank Group","description":"Energizing the future","publisher":{"@id":"https:\/\/wolftankgroup.com\/de\/#organization"},"potentialAction":[{"@type":"SearchAction","target":{"@type":"EntryPoint","urlTemplate":"https:\/\/wolftankgroup.com\/de\/?s={search_term_string}"},"query-input":{"@type":"PropertyValueSpecification","valueRequired":true,"valueName":"search_term_string"}}],"inLanguage":"de"},{"@type":"Organization","@id":"https:\/\/wolftankgroup.com\/de\/#organization","name":"Wolftank Group","url":"https:\/\/wolftankgroup.com\/de\/","logo":{"@type":"ImageObject","inLanguage":"de","@id":"https:\/\/wolftankgroup.com\/de\/#\/schema\/logo\/image\/","url":"https:\/\/wolftankgroup.com\/mediapool\/2022\/04\/Wolftank_Group_Logo_RGB.jpg","contentUrl":"https:\/\/wolftankgroup.com\/mediapool\/2022\/04\/Wolftank_Group_Logo_RGB.jpg","width":2311,"height":981,"caption":"Wolftank Group"},"image":{"@id":"https:\/\/wolftankgroup.com\/de\/#\/schema\/logo\/image\/"},"sameAs":["https:\/\/www.linkedin.com\/company\/9185741\/"]},{"@type":"Person","@id":"https:\/\/wolftankgroup.com\/de\/#\/schema\/person\/1eb4b4c91212ee435a91612a539bc6a2","name":"Michael L.","sameAs":["https:\/\/wolftankgroup.com"]}]}},"_links":{"self":[{"href":"https:\/\/wolftankgroup.com\/de\/wp-json\/wp\/v2\/posts\/14299","targetHints":{"allow":["GET"]}}],"collection":[{"href":"https:\/\/wolftankgroup.com\/de\/wp-json\/wp\/v2\/posts"}],"about":[{"href":"https:\/\/wolftankgroup.com\/de\/wp-json\/wp\/v2\/types\/post"}],"author":[{"embeddable":true,"href":"https:\/\/wolftankgroup.com\/de\/wp-json\/wp\/v2\/users\/1"}],"replies":[{"embeddable":true,"href":"https:\/\/wolftankgroup.com\/de\/wp-json\/wp\/v2\/comments?post=14299"}],"version-history":[{"count":0,"href":"https:\/\/wolftankgroup.com\/de\/wp-json\/wp\/v2\/posts\/14299\/revisions"}],"wp:attachment":[{"href":"https:\/\/wolftankgroup.com\/de\/wp-json\/wp\/v2\/media?parent=14299"}],"wp:term":[{"taxonomy":"category","embeddable":true,"href":"https:\/\/wolftankgroup.com\/de\/wp-json\/wp\/v2\/categories?post=14299"},{"taxonomy":"post_tag","embeddable":true,"href":"https:\/\/wolftankgroup.com\/de\/wp-json\/wp\/v2\/tags?post=14299"}],"curies":[{"name":"wp","href":"https:\/\/api.w.org\/{rel}","templated":true}]}}