{"id":18988,"date":"2024-03-13T10:30:16","date_gmt":"2024-03-13T08:30:16","guid":{"rendered":"https:\/\/wolftankgroup.com\/?p=18988"},"modified":"2024-05-08T08:54:09","modified_gmt":"2024-05-08T06:54:09","slug":"doppelte-anerkennung-fuer-die-wolftank-group-vorreiterrolle-im-bereich-e-mobilitaet-und-auszeichnung-mit-dem-tiroler-cluster-award","status":"publish","type":"post","link":"https:\/\/wolftankgroup.com\/de\/corporate-news-de\/doppelte-anerkennung-fuer-die-wolftank-group-vorreiterrolle-im-bereich-e-mobilitaet-und-auszeichnung-mit-dem-tiroler-cluster-award\/","title":{"rendered":"Doppelte Anerkennung f\u00fcr die Wolftank Group: Vorreiterrolle im Bereich  E-Mobilit\u00e4t und Auszeichnung mit dem Tiroler Cluster Award"},"content":{"rendered":"<p>Die Wolftank Group (Wolftank-Adisa Holding AG, ISIN: AT0000A25NJ6), Spezialist f\u00fcr Umwelt- und Energietechnologien mit Fokus auf Emissionsreduktion, hat gestern eine bemerkenswerte Bilanz ihres technologischen Leaderships und ihres Engagements im Bereich Nachhaltigkeit erzielt:\u00a0 Beim achten Impact Investment Day an der B\u00f6rse M\u00fcnchen pr\u00e4sentierte die Wolftank Group gemeinsam mit ihrem Top-Kunden Free to X ihre Fortschritte im Bereich E-Mobilit\u00e4t und Nachhaltigkeit. Am Abend erhielt die Gruppe bei den Tiroler Cluster Awards einen der renommierten Innovationspreise f\u00fcr ihr innovatives Wasserstoff-W\u00e4rmepumpenprojekt.<\/p>\n<p>Der Impact Investment Day, organisiert von der Small &amp; Mid Cap Investmentbank AG an der B\u00f6rse M\u00fcnchen, bot der Wolftank Group eine ideale Plattform, um ihr Engagement f\u00fcr wirtschaftliches Wachstum verbunden mit \u00f6kologischer Verantwortung zu zeigen. CEO Peter Werth pr\u00e4sentierte gemeinsam mit Antonio Di Micco, Chief Innovation &amp; Procurement Officer von Free to X &#8211; einem Unternehmen mit einem Netzwerk von \u00fcber 100 Schnelllade-Stationen an italienischen Autobahnen &#8211; die erfolgreiche Zusammenarbeit. Das unterstreicht die Rolle von Wolftank als bevorzugter Partner aufgrund der gezeigten Effizienz, Qualit\u00e4t und Schnelligkeit.<\/p>\n<p>\u201e<em>Die Synergie zwischen der Wolftank Group und Free to X zeigt, dass wir uns nicht nur f\u00fcr die Weiterentwicklung nachhaltiger Technologien einsetzen, sondern auch f\u00fcr deren praktische Umsetzung sorgen. Die heutige Gelegenheit, unsere Arbeit zu pr\u00e4sentieren, und das hervorragende Feedback auf dem Impact Investment Day untermauert unsere Rolle als wichtiger Player bei der Gestaltung einer nachhaltigen Zukunft&#8221;<\/em>, sagt CEO Peter Werth.<\/p>\n<p>Am Abend stand die Innovationskraft der Gruppe beim Tiroler Innovationstag erneut im Mittelpunkt, wo Wolftank Austria einen Innovationspreis f\u00fcr das Kooperations-Projekt mit Heliotherm W\u00e4rmepumpentechnik f\u00fcr eine hybride \u201eWasserstoff-W\u00e4rmepumpe\u201c erhielt. Dieses Projekt steht im Einklang mit der Tiroler Klima-, Energie- und Ressourcenstrategie, die bis zum Jahr 2050 100 % erneuerbare Energie vorsieht. Die Wasserstoff-W\u00e4rmepumpe, eine kompakte Luft-Wasser-W\u00e4rmepumpe, soll sowohl mit Strom als auch mit Wasserstoff betrieben werden k\u00f6nnen. Sie bietet Flexibilit\u00e4t und Effizienz bei der Energienutzung, tr\u00e4gt zur Netzstabilit\u00e4t bei und reduziert die Treibhausgasemissionen. Die Zusammenarbeit zwischen Tiroler Unternehmen in der W\u00e4rmepumpenproduktion, in der Entwicklung der Wasserstoffinfrastruktur und in der Ventilherstellung soll zum Ausbau der internationalen Wettbewerbsf\u00e4higkeit und der Erschlie\u00dfung neuer M\u00e4rkte beitragen.<\/p>\n<p>\u201e<em>Diese Auszeichnung ist eine Anerkennung f\u00fcr unser konsequentes Vorgehen in Sachen Innovation und Exzellenz. Das Tiroler Wasserstoff-W\u00e4rmepumpenprojekt ist ein Paradebeispiel daf\u00fcr, wie durch das Angebot eines flexiblen Heizsystems, das die Nutzer auf den volatilen Energiemarkt und m\u00f6gliche Versorgungsengp\u00e4sse vorbereitet, deutliche Fortschritte bei Energieeffizienz und Nachhaltigkeit erzielt werden k\u00f6nnen<\/em>\u201c, so CEO Peter Werth abschlie\u00dfend.<\/p>\n<p>&nbsp;<\/p>\n<p><strong>\u00dcber die Wolftank Group<\/strong><\/p>\n<p>Die Wolftank Group ist ein weltweit agierender, f\u00fchrender Technologiepartner f\u00fcr Energie- und Umweltl\u00f6sungen. Im Bereich der Mobilit\u00e4t und Logistik von Energietr\u00e4gern unterst\u00fctzt die Gruppe Kunden in \u00fcber 20 L\u00e4ndern, Projekte effizient und umweltschonend umzusetzen. Daf\u00fcr entwickelt und implementiert sie Technologien von morgen, um den Verkehr zu dekarbonisieren und die Infrastruktur f\u00fcr eine emissionsfreie Mobilit\u00e4t zu bauen \u2013 etwa durch die schl\u00fcsselfertige Lieferung von modularen Wasserstoff- und LNG-Betankungsanlagen. Im Bereich der Umweltl\u00f6sungen z\u00e4hlen Due Diligences f\u00fcr Umweltrisiken, ma\u00dfgeschneiderte Services f\u00fcr Boden- und Grundwassersanierung sowie Recycling zum Angebot. Gesteuert werden die Tochtergesellschaften der Gruppe in acht L\u00e4ndern auf drei Kontinenten durch die Wolftank-Adisa Holding AG mit Sitz in Innsbruck. Die Aktie der Wolftank-Adisa Holding AG (WKN: A2PBHR; ISIN: AT0000A25NJ6) notiert im direct market plus Segment der Wiener B\u00f6rse AG und im m:access der B\u00f6rse M\u00fcnchen und wird auf Xetra, der Frankfurter und Berliner Wertpapierb\u00f6rse gehandelt. Weitere Informationen: <a href=\"http:\/\/www.wolftankgroup.com\">www.wolftankgroup.com<\/a><\/p>\n<p>Hier finden Sie die Corporate News zum Download:<\/p>\n<div class='w3eden'><div class=\"media well link-template-widget\">\n    <a class=\"mr-3 img-48\" href=\"https:\/\/wolftankgroup.com\/de\/download\/wolftank-group-sichert-sich-zwei-neue-grossauftraege-in-italien-im-gesamtwert-von-67-millionen-euro\/?wpdmdl=19052&refresh=69f25d135dd741777491219\" target=\"_blank\">\n        <img decoding=\"async\" class=\"wpdm_icon\" alt=\"Icon\" src=\"https:\/\/wolftankgroup.com\/wp-content\/plugins\/download-manager\/assets\/file-type-icons\/pdf.svg\" \/>\n    <\/a>\n    <div class=\"media-body\">\n        <a href=\"https:\/\/wolftankgroup.com\/de\/download\/wolftank-group-sichert-sich-zwei-neue-grossauftraege-in-italien-im-gesamtwert-von-67-millionen-euro\/?wpdmdl=19052&refresh=69f25d135dd741777491219\" target=\"_blank\" style=\"display: block;clear: bottom;font-size: 11pt;font-weight: bold;\">Wolftank Group sichert sich zwei neue Gro\u00dfauftr\u00e4ge in Italien im Gesamtwert von 6,7 Millionen Euro<\/a>\n        <div style=\"font-size: 9pt!important;color:#9a9a9a;\">\n\t\t\tMai 8, 2024 &nbsp;&nbsp;&nbsp; <i class=\"fas fa-hdd\"><\/i> 147.07 KB <i class=\"fa fa-copy ml-3\"><\/i> \n            1 file(s)\n        <\/div>\n    <\/div>\n<\/div>\n<\/div>\n<p>&nbsp;<\/p>\n<p><strong>Disclaimer:<\/strong><\/p>\n<p>Diese Kommunikation enth\u00e4lt Aussagen, die die Zukunft betreffen und sich auf einen aktuellen Kenntnisstand, Erwartungen und Vorhersagen der Gesch\u00e4ftsleitung der Gesellschaft Wolftank-Adisa Holding AG \u00fcber die Zukunft beziehen. S\u00e4mtliche Statements unterliegen potenziell unsicheren Annahmen und Risiken, die eine auch wesentliche Abweichung von den direkt oder indirekt kommunizierten Aussagen oder Ergebnisse zur Folge haben k\u00f6nnen. Solche Statements sind durch den Gebrauch von W\u00f6rtern wie z.B. \u201eerwarten\u201c, \u201eplanen\u201c, \u201erechnen\u201c, \u201eZielsetzung\u201c, \u201esch\u00e4tzen\u201c, \u201edavon ausgehen\u201c oder \u00e4hnliche zu erkennen. Folglich gelten Statements, die die Zukunft betreffen auch nur zu dem Zeitpunkt, an dem sie gemacht wurden. Eine Verpflichtung, Statements aus dieser Meldung in der Zukunft anzupassen oder zu berichtigen bzw. zu kontrollieren \u00fcbernimmt die Gesellschaft nicht.<\/p>\n<p>&nbsp;<\/p>\n","protected":false},"excerpt":{"rendered":"<p>Die Wolftank Group (Wolftank-Adisa Holding AG, ISIN: AT0000A25NJ6), Spezialist f\u00fcr Umwelt- und Energietechnologien mit Fokus auf Emissionsreduktion, hat gestern eine bemerkenswerte Bilanz ihres technologischen Leaderships und ihres Engagements im Bereich Nachhaltigkeit erzielt:\u00a0 Beim achten Impact Investment Day an der B\u00f6rse M\u00fcnchen pr\u00e4sentierte die Wolftank Group gemeinsam mit ihrem Top-Kunden Free to X ihre Fortschritte im [&hellip;]<\/p>\n","protected":false},"author":1,"featured_media":9778,"comment_status":"closed","ping_status":"closed","sticky":false,"template":"","format":"standard","meta":{"site-sidebar-layout":"default","site-content-layout":"disabled","ast-site-content-layout":"default","site-content-style":"default","site-sidebar-style":"default","ast-global-header-display":"","ast-banner-title-visibility":"","ast-main-header-display":"disabled","ast-hfb-above-header-display":"disabled","ast-hfb-below-header-display":"disabled","ast-hfb-mobile-header-display":"disabled","site-post-title":"disabled","ast-breadcrumbs-content":"disabled","ast-featured-img":"disabled","footer-sml-layout":"disabled","ast-disable-related-posts":"","theme-transparent-header-meta":"default","adv-header-id-meta":"","stick-header-meta":"","header-above-stick-meta":"","header-main-stick-meta":"","header-below-stick-meta":"","astra-migrate-meta-layouts":"default","ast-page-background-enabled":"default","ast-page-background-meta":{"desktop":{"background-color":"var(--ast-global-color-4)","background-image":"","background-repeat":"repeat","background-position":"center center","background-size":"auto","background-attachment":"scroll","background-type":"","background-media":"","overlay-type":"","overlay-color":"","overlay-opacity":"","overlay-gradient":""},"tablet":{"background-color":"","background-image":"","background-repeat":"repeat","background-position":"center center","background-size":"auto","background-attachment":"scroll","background-type":"","background-media":"","overlay-type":"","overlay-color":"","overlay-opacity":"","overlay-gradient":""},"mobile":{"background-color":"","background-image":"","background-repeat":"repeat","background-position":"center center","background-size":"auto","background-attachment":"scroll","background-type":"","background-media":"","overlay-type":"","overlay-color":"","overlay-opacity":"","overlay-gradient":""}},"ast-content-background-meta":{"desktop":{"background-color":"var(--ast-global-color-5)","background-image":"","background-repeat":"repeat","background-position":"center center","background-size":"auto","background-attachment":"scroll","background-type":"","background-media":"","overlay-type":"","overlay-color":"","overlay-opacity":"","overlay-gradient":""},"tablet":{"background-color":"var(--ast-global-color-5)","background-image":"","background-repeat":"repeat","background-position":"center center","background-size":"auto","background-attachment":"scroll","background-type":"","background-media":"","overlay-type":"","overlay-color":"","overlay-opacity":"","overlay-gradient":""},"mobile":{"background-color":"var(--ast-global-color-5)","background-image":"","background-repeat":"repeat","background-position":"center center","background-size":"auto","background-attachment":"scroll","background-type":"","background-media":"","overlay-type":"","overlay-color":"","overlay-opacity":"","overlay-gradient":""}},"footnotes":""},"categories":[152,161],"tags":[],"class_list":["post-18988","post","type-post","status-publish","format-standard","has-post-thumbnail","hentry","category-corporate-news-de","category-pressemeldungen"],"yoast_head":"<!-- This site is optimized with the Yoast SEO Premium plugin v18.4 (Yoast SEO v25.3) - https:\/\/yoast.com\/wordpress\/plugins\/seo\/ -->\n<title>Doppelte Anerkennung f\u00fcr die Wolftank Group: Vorreiterrolle im Bereich E-Mobilit\u00e4t und Auszeichnung mit dem Tiroler Cluster Award | Wolftank Group<\/title>\n<meta name=\"description\" content=\"Die Wolftank Group (Wolftank-Adisa Holding AG, ISIN: AT0000A25NJ6), Spezialist f\u00fcr Umwelt- und Energietechnologien mit Fokus auf Emissionsreduktion, hat\" \/>\n<meta name=\"robots\" content=\"index, follow, max-snippet:-1, max-image-preview:large, max-video-preview:-1\" \/>\n<link rel=\"canonical\" href=\"https:\/\/wolftankgroup.com\/de\/corporate-news-de\/doppelte-anerkennung-fuer-die-wolftank-group-vorreiterrolle-im-bereich-e-mobilitaet-und-auszeichnung-mit-dem-tiroler-cluster-award\/\" \/>\n<meta property=\"og:locale\" content=\"de_DE\" \/>\n<meta property=\"og:type\" content=\"article\" \/>\n<meta property=\"og:title\" content=\"Doppelte Anerkennung f\u00fcr die Wolftank Group: Vorreiterrolle im Bereich E-Mobilit\u00e4t und Auszeichnung mit dem Tiroler Cluster Award | Wolftank Group\" \/>\n<meta property=\"og:url\" content=\"https:\/\/wolftankgroup.com\/de\/corporate-news-de\/doppelte-anerkennung-fuer-die-wolftank-group-vorreiterrolle-im-bereich-e-mobilitaet-und-auszeichnung-mit-dem-tiroler-cluster-award\/\" \/>\n<meta property=\"og:site_name\" content=\"Wolftank Group\" \/>\n<meta property=\"article:published_time\" content=\"2024-03-13T08:30:16+00:00\" \/>\n<meta property=\"article:modified_time\" content=\"2024-05-08T06:54:09+00:00\" \/>\n<meta property=\"og:image\" content=\"https:\/\/wolftankgroup.com\/mediapool\/2022\/03\/Post-Imag-9.jpg\" \/>\n\t<meta property=\"og:image:width\" content=\"290\" \/>\n\t<meta property=\"og:image:height\" content=\"300\" \/>\n\t<meta property=\"og:image:type\" content=\"image\/jpeg\" \/>\n<meta name=\"author\" content=\"Michael L.\" \/>\n<meta name=\"twitter:card\" content=\"summary_large_image\" \/>\n<meta name=\"twitter:label1\" content=\"Verfasst von\" \/>\n\t<meta name=\"twitter:data1\" content=\"Michael L.\" \/>\n\t<meta name=\"twitter:label2\" content=\"Gesch\u00e4tzte Lesezeit\" \/>\n\t<meta name=\"twitter:data2\" content=\"4\u00a0Minuten\" \/>\n<script type=\"application\/ld+json\" class=\"yoast-schema-graph\">{\"@context\":\"https:\/\/schema.org\",\"@graph\":[{\"@type\":\"Article\",\"@id\":\"https:\/\/wolftankgroup.com\/de\/corporate-news-de\/doppelte-anerkennung-fuer-die-wolftank-group-vorreiterrolle-im-bereich-e-mobilitaet-und-auszeichnung-mit-dem-tiroler-cluster-award\/#article\",\"isPartOf\":{\"@id\":\"https:\/\/wolftankgroup.com\/de\/corporate-news-de\/doppelte-anerkennung-fuer-die-wolftank-group-vorreiterrolle-im-bereich-e-mobilitaet-und-auszeichnung-mit-dem-tiroler-cluster-award\/\"},\"author\":{\"name\":\"Michael L.\",\"@id\":\"https:\/\/wolftankgroup.com\/de\/#\/schema\/person\/1eb4b4c91212ee435a91612a539bc6a2\"},\"headline\":\"Doppelte Anerkennung f\u00fcr die Wolftank Group: Vorreiterrolle im Bereich E-Mobilit\u00e4t und Auszeichnung mit dem Tiroler Cluster Award\",\"datePublished\":\"2024-03-13T08:30:16+00:00\",\"dateModified\":\"2024-05-08T06:54:09+00:00\",\"mainEntityOfPage\":{\"@id\":\"https:\/\/wolftankgroup.com\/de\/corporate-news-de\/doppelte-anerkennung-fuer-die-wolftank-group-vorreiterrolle-im-bereich-e-mobilitaet-und-auszeichnung-mit-dem-tiroler-cluster-award\/\"},\"wordCount\":753,\"publisher\":{\"@id\":\"https:\/\/wolftankgroup.com\/de\/#organization\"},\"image\":{\"@id\":\"https:\/\/wolftankgroup.com\/de\/corporate-news-de\/doppelte-anerkennung-fuer-die-wolftank-group-vorreiterrolle-im-bereich-e-mobilitaet-und-auszeichnung-mit-dem-tiroler-cluster-award\/#primaryimage\"},\"thumbnailUrl\":\"https:\/\/wolftankgroup.com\/mediapool\/2022\/03\/Post-Imag-9.jpg\",\"articleSection\":[\"Corporate News\",\"Pressemeldungen\"],\"inLanguage\":\"de\"},{\"@type\":\"WebPage\",\"@id\":\"https:\/\/wolftankgroup.com\/de\/corporate-news-de\/doppelte-anerkennung-fuer-die-wolftank-group-vorreiterrolle-im-bereich-e-mobilitaet-und-auszeichnung-mit-dem-tiroler-cluster-award\/\",\"url\":\"https:\/\/wolftankgroup.com\/de\/corporate-news-de\/doppelte-anerkennung-fuer-die-wolftank-group-vorreiterrolle-im-bereich-e-mobilitaet-und-auszeichnung-mit-dem-tiroler-cluster-award\/\",\"name\":\"Doppelte Anerkennung f\u00fcr die Wolftank Group: Vorreiterrolle im Bereich E-Mobilit\u00e4t und Auszeichnung mit dem Tiroler Cluster Award | Wolftank Group\",\"isPartOf\":{\"@id\":\"https:\/\/wolftankgroup.com\/de\/#website\"},\"primaryImageOfPage\":{\"@id\":\"https:\/\/wolftankgroup.com\/de\/corporate-news-de\/doppelte-anerkennung-fuer-die-wolftank-group-vorreiterrolle-im-bereich-e-mobilitaet-und-auszeichnung-mit-dem-tiroler-cluster-award\/#primaryimage\"},\"image\":{\"@id\":\"https:\/\/wolftankgroup.com\/de\/corporate-news-de\/doppelte-anerkennung-fuer-die-wolftank-group-vorreiterrolle-im-bereich-e-mobilitaet-und-auszeichnung-mit-dem-tiroler-cluster-award\/#primaryimage\"},\"thumbnailUrl\":\"https:\/\/wolftankgroup.com\/mediapool\/2022\/03\/Post-Imag-9.jpg\",\"datePublished\":\"2024-03-13T08:30:16+00:00\",\"dateModified\":\"2024-05-08T06:54:09+00:00\",\"description\":\"Die Wolftank Group (Wolftank-Adisa Holding AG, ISIN: AT0000A25NJ6), Spezialist f\u00fcr Umwelt- und Energietechnologien mit Fokus auf Emissionsreduktion, hat\",\"breadcrumb\":{\"@id\":\"https:\/\/wolftankgroup.com\/de\/corporate-news-de\/doppelte-anerkennung-fuer-die-wolftank-group-vorreiterrolle-im-bereich-e-mobilitaet-und-auszeichnung-mit-dem-tiroler-cluster-award\/#breadcrumb\"},\"inLanguage\":\"de\",\"potentialAction\":[{\"@type\":\"ReadAction\",\"target\":[\"https:\/\/wolftankgroup.com\/de\/corporate-news-de\/doppelte-anerkennung-fuer-die-wolftank-group-vorreiterrolle-im-bereich-e-mobilitaet-und-auszeichnung-mit-dem-tiroler-cluster-award\/\"]}]},{\"@type\":\"ImageObject\",\"inLanguage\":\"de\",\"@id\":\"https:\/\/wolftankgroup.com\/de\/corporate-news-de\/doppelte-anerkennung-fuer-die-wolftank-group-vorreiterrolle-im-bereich-e-mobilitaet-und-auszeichnung-mit-dem-tiroler-cluster-award\/#primaryimage\",\"url\":\"https:\/\/wolftankgroup.com\/mediapool\/2022\/03\/Post-Imag-9.jpg\",\"contentUrl\":\"https:\/\/wolftankgroup.com\/mediapool\/2022\/03\/Post-Imag-9.jpg\",\"width\":290,\"height\":300},{\"@type\":\"BreadcrumbList\",\"@id\":\"https:\/\/wolftankgroup.com\/de\/corporate-news-de\/doppelte-anerkennung-fuer-die-wolftank-group-vorreiterrolle-im-bereich-e-mobilitaet-und-auszeichnung-mit-dem-tiroler-cluster-award\/#breadcrumb\",\"itemListElement\":[{\"@type\":\"ListItem\",\"position\":1,\"name\":\"Home\",\"item\":\"https:\/\/wolftankgroup.com\/de\/\"},{\"@type\":\"ListItem\",\"position\":2,\"name\":\"Corporate News\",\"item\":\"https:\/\/wolftankgroup.com\/de\/kategorie\/corporate-news-de\/\"},{\"@type\":\"ListItem\",\"position\":3,\"name\":\"Doppelte Anerkennung f\u00fcr die Wolftank Group: Vorreiterrolle im Bereich E-Mobilit\u00e4t und Auszeichnung mit dem Tiroler Cluster Award\"}]},{\"@type\":\"WebSite\",\"@id\":\"https:\/\/wolftankgroup.com\/de\/#website\",\"url\":\"https:\/\/wolftankgroup.com\/de\/\",\"name\":\"Wolftank Group\",\"description\":\"Energizing the future\",\"publisher\":{\"@id\":\"https:\/\/wolftankgroup.com\/de\/#organization\"},\"potentialAction\":[{\"@type\":\"SearchAction\",\"target\":{\"@type\":\"EntryPoint\",\"urlTemplate\":\"https:\/\/wolftankgroup.com\/de\/?s={search_term_string}\"},\"query-input\":{\"@type\":\"PropertyValueSpecification\",\"valueRequired\":true,\"valueName\":\"search_term_string\"}}],\"inLanguage\":\"de\"},{\"@type\":\"Organization\",\"@id\":\"https:\/\/wolftankgroup.com\/de\/#organization\",\"name\":\"Wolftank Group\",\"url\":\"https:\/\/wolftankgroup.com\/de\/\",\"logo\":{\"@type\":\"ImageObject\",\"inLanguage\":\"de\",\"@id\":\"https:\/\/wolftankgroup.com\/de\/#\/schema\/logo\/image\/\",\"url\":\"https:\/\/wolftankgroup.com\/mediapool\/2022\/04\/Wolftank_Group_Logo_RGB.jpg\",\"contentUrl\":\"https:\/\/wolftankgroup.com\/mediapool\/2022\/04\/Wolftank_Group_Logo_RGB.jpg\",\"width\":2311,\"height\":981,\"caption\":\"Wolftank Group\"},\"image\":{\"@id\":\"https:\/\/wolftankgroup.com\/de\/#\/schema\/logo\/image\/\"},\"sameAs\":[\"https:\/\/www.linkedin.com\/company\/9185741\/\"]},{\"@type\":\"Person\",\"@id\":\"https:\/\/wolftankgroup.com\/de\/#\/schema\/person\/1eb4b4c91212ee435a91612a539bc6a2\",\"name\":\"Michael L.\",\"sameAs\":[\"https:\/\/wolftankgroup.com\"]}]}<\/script>\n<!-- \/ Yoast SEO Premium plugin. -->","yoast_head_json":{"title":"Doppelte Anerkennung f\u00fcr die Wolftank Group: Vorreiterrolle im Bereich E-Mobilit\u00e4t und Auszeichnung mit dem Tiroler Cluster Award | Wolftank Group","description":"Die Wolftank Group (Wolftank-Adisa Holding AG, ISIN: AT0000A25NJ6), Spezialist f\u00fcr Umwelt- und Energietechnologien mit Fokus auf Emissionsreduktion, hat","robots":{"index":"index","follow":"follow","max-snippet":"max-snippet:-1","max-image-preview":"max-image-preview:large","max-video-preview":"max-video-preview:-1"},"canonical":"https:\/\/wolftankgroup.com\/de\/corporate-news-de\/doppelte-anerkennung-fuer-die-wolftank-group-vorreiterrolle-im-bereich-e-mobilitaet-und-auszeichnung-mit-dem-tiroler-cluster-award\/","og_locale":"de_DE","og_type":"article","og_title":"Doppelte Anerkennung f\u00fcr die Wolftank Group: Vorreiterrolle im Bereich E-Mobilit\u00e4t und Auszeichnung mit dem Tiroler Cluster Award | Wolftank Group","og_url":"https:\/\/wolftankgroup.com\/de\/corporate-news-de\/doppelte-anerkennung-fuer-die-wolftank-group-vorreiterrolle-im-bereich-e-mobilitaet-und-auszeichnung-mit-dem-tiroler-cluster-award\/","og_site_name":"Wolftank Group","article_published_time":"2024-03-13T08:30:16+00:00","article_modified_time":"2024-05-08T06:54:09+00:00","og_image":[{"width":290,"height":300,"url":"https:\/\/wolftankgroup.com\/mediapool\/2022\/03\/Post-Imag-9.jpg","type":"image\/jpeg"}],"author":"Michael L.","twitter_card":"summary_large_image","twitter_misc":{"Verfasst von":"Michael L.","Gesch\u00e4tzte Lesezeit":"4\u00a0Minuten"},"schema":{"@context":"https:\/\/schema.org","@graph":[{"@type":"Article","@id":"https:\/\/wolftankgroup.com\/de\/corporate-news-de\/doppelte-anerkennung-fuer-die-wolftank-group-vorreiterrolle-im-bereich-e-mobilitaet-und-auszeichnung-mit-dem-tiroler-cluster-award\/#article","isPartOf":{"@id":"https:\/\/wolftankgroup.com\/de\/corporate-news-de\/doppelte-anerkennung-fuer-die-wolftank-group-vorreiterrolle-im-bereich-e-mobilitaet-und-auszeichnung-mit-dem-tiroler-cluster-award\/"},"author":{"name":"Michael L.","@id":"https:\/\/wolftankgroup.com\/de\/#\/schema\/person\/1eb4b4c91212ee435a91612a539bc6a2"},"headline":"Doppelte Anerkennung f\u00fcr die Wolftank Group: Vorreiterrolle im Bereich E-Mobilit\u00e4t und Auszeichnung mit dem Tiroler Cluster Award","datePublished":"2024-03-13T08:30:16+00:00","dateModified":"2024-05-08T06:54:09+00:00","mainEntityOfPage":{"@id":"https:\/\/wolftankgroup.com\/de\/corporate-news-de\/doppelte-anerkennung-fuer-die-wolftank-group-vorreiterrolle-im-bereich-e-mobilitaet-und-auszeichnung-mit-dem-tiroler-cluster-award\/"},"wordCount":753,"publisher":{"@id":"https:\/\/wolftankgroup.com\/de\/#organization"},"image":{"@id":"https:\/\/wolftankgroup.com\/de\/corporate-news-de\/doppelte-anerkennung-fuer-die-wolftank-group-vorreiterrolle-im-bereich-e-mobilitaet-und-auszeichnung-mit-dem-tiroler-cluster-award\/#primaryimage"},"thumbnailUrl":"https:\/\/wolftankgroup.com\/mediapool\/2022\/03\/Post-Imag-9.jpg","articleSection":["Corporate News","Pressemeldungen"],"inLanguage":"de"},{"@type":"WebPage","@id":"https:\/\/wolftankgroup.com\/de\/corporate-news-de\/doppelte-anerkennung-fuer-die-wolftank-group-vorreiterrolle-im-bereich-e-mobilitaet-und-auszeichnung-mit-dem-tiroler-cluster-award\/","url":"https:\/\/wolftankgroup.com\/de\/corporate-news-de\/doppelte-anerkennung-fuer-die-wolftank-group-vorreiterrolle-im-bereich-e-mobilitaet-und-auszeichnung-mit-dem-tiroler-cluster-award\/","name":"Doppelte Anerkennung f\u00fcr die Wolftank Group: Vorreiterrolle im Bereich E-Mobilit\u00e4t und Auszeichnung mit dem Tiroler Cluster Award | Wolftank Group","isPartOf":{"@id":"https:\/\/wolftankgroup.com\/de\/#website"},"primaryImageOfPage":{"@id":"https:\/\/wolftankgroup.com\/de\/corporate-news-de\/doppelte-anerkennung-fuer-die-wolftank-group-vorreiterrolle-im-bereich-e-mobilitaet-und-auszeichnung-mit-dem-tiroler-cluster-award\/#primaryimage"},"image":{"@id":"https:\/\/wolftankgroup.com\/de\/corporate-news-de\/doppelte-anerkennung-fuer-die-wolftank-group-vorreiterrolle-im-bereich-e-mobilitaet-und-auszeichnung-mit-dem-tiroler-cluster-award\/#primaryimage"},"thumbnailUrl":"https:\/\/wolftankgroup.com\/mediapool\/2022\/03\/Post-Imag-9.jpg","datePublished":"2024-03-13T08:30:16+00:00","dateModified":"2024-05-08T06:54:09+00:00","description":"Die Wolftank Group (Wolftank-Adisa Holding AG, ISIN: AT0000A25NJ6), Spezialist f\u00fcr Umwelt- und Energietechnologien mit Fokus auf Emissionsreduktion, hat","breadcrumb":{"@id":"https:\/\/wolftankgroup.com\/de\/corporate-news-de\/doppelte-anerkennung-fuer-die-wolftank-group-vorreiterrolle-im-bereich-e-mobilitaet-und-auszeichnung-mit-dem-tiroler-cluster-award\/#breadcrumb"},"inLanguage":"de","potentialAction":[{"@type":"ReadAction","target":["https:\/\/wolftankgroup.com\/de\/corporate-news-de\/doppelte-anerkennung-fuer-die-wolftank-group-vorreiterrolle-im-bereich-e-mobilitaet-und-auszeichnung-mit-dem-tiroler-cluster-award\/"]}]},{"@type":"ImageObject","inLanguage":"de","@id":"https:\/\/wolftankgroup.com\/de\/corporate-news-de\/doppelte-anerkennung-fuer-die-wolftank-group-vorreiterrolle-im-bereich-e-mobilitaet-und-auszeichnung-mit-dem-tiroler-cluster-award\/#primaryimage","url":"https:\/\/wolftankgroup.com\/mediapool\/2022\/03\/Post-Imag-9.jpg","contentUrl":"https:\/\/wolftankgroup.com\/mediapool\/2022\/03\/Post-Imag-9.jpg","width":290,"height":300},{"@type":"BreadcrumbList","@id":"https:\/\/wolftankgroup.com\/de\/corporate-news-de\/doppelte-anerkennung-fuer-die-wolftank-group-vorreiterrolle-im-bereich-e-mobilitaet-und-auszeichnung-mit-dem-tiroler-cluster-award\/#breadcrumb","itemListElement":[{"@type":"ListItem","position":1,"name":"Home","item":"https:\/\/wolftankgroup.com\/de\/"},{"@type":"ListItem","position":2,"name":"Corporate News","item":"https:\/\/wolftankgroup.com\/de\/kategorie\/corporate-news-de\/"},{"@type":"ListItem","position":3,"name":"Doppelte Anerkennung f\u00fcr die Wolftank Group: Vorreiterrolle im Bereich E-Mobilit\u00e4t und Auszeichnung mit dem Tiroler Cluster Award"}]},{"@type":"WebSite","@id":"https:\/\/wolftankgroup.com\/de\/#website","url":"https:\/\/wolftankgroup.com\/de\/","name":"Wolftank Group","description":"Energizing the future","publisher":{"@id":"https:\/\/wolftankgroup.com\/de\/#organization"},"potentialAction":[{"@type":"SearchAction","target":{"@type":"EntryPoint","urlTemplate":"https:\/\/wolftankgroup.com\/de\/?s={search_term_string}"},"query-input":{"@type":"PropertyValueSpecification","valueRequired":true,"valueName":"search_term_string"}}],"inLanguage":"de"},{"@type":"Organization","@id":"https:\/\/wolftankgroup.com\/de\/#organization","name":"Wolftank Group","url":"https:\/\/wolftankgroup.com\/de\/","logo":{"@type":"ImageObject","inLanguage":"de","@id":"https:\/\/wolftankgroup.com\/de\/#\/schema\/logo\/image\/","url":"https:\/\/wolftankgroup.com\/mediapool\/2022\/04\/Wolftank_Group_Logo_RGB.jpg","contentUrl":"https:\/\/wolftankgroup.com\/mediapool\/2022\/04\/Wolftank_Group_Logo_RGB.jpg","width":2311,"height":981,"caption":"Wolftank Group"},"image":{"@id":"https:\/\/wolftankgroup.com\/de\/#\/schema\/logo\/image\/"},"sameAs":["https:\/\/www.linkedin.com\/company\/9185741\/"]},{"@type":"Person","@id":"https:\/\/wolftankgroup.com\/de\/#\/schema\/person\/1eb4b4c91212ee435a91612a539bc6a2","name":"Michael L.","sameAs":["https:\/\/wolftankgroup.com"]}]}},"_links":{"self":[{"href":"https:\/\/wolftankgroup.com\/de\/wp-json\/wp\/v2\/posts\/18988","targetHints":{"allow":["GET"]}}],"collection":[{"href":"https:\/\/wolftankgroup.com\/de\/wp-json\/wp\/v2\/posts"}],"about":[{"href":"https:\/\/wolftankgroup.com\/de\/wp-json\/wp\/v2\/types\/post"}],"author":[{"embeddable":true,"href":"https:\/\/wolftankgroup.com\/de\/wp-json\/wp\/v2\/users\/1"}],"replies":[{"embeddable":true,"href":"https:\/\/wolftankgroup.com\/de\/wp-json\/wp\/v2\/comments?post=18988"}],"version-history":[{"count":0,"href":"https:\/\/wolftankgroup.com\/de\/wp-json\/wp\/v2\/posts\/18988\/revisions"}],"wp:featuredmedia":[{"embeddable":true,"href":"https:\/\/wolftankgroup.com\/de\/wp-json\/wp\/v2\/media\/9778"}],"wp:attachment":[{"href":"https:\/\/wolftankgroup.com\/de\/wp-json\/wp\/v2\/media?parent=18988"}],"wp:term":[{"taxonomy":"category","embeddable":true,"href":"https:\/\/wolftankgroup.com\/de\/wp-json\/wp\/v2\/categories?post=18988"},{"taxonomy":"post_tag","embeddable":true,"href":"https:\/\/wolftankgroup.com\/de\/wp-json\/wp\/v2\/tags?post=18988"}],"curies":[{"name":"wp","href":"https:\/\/api.w.org\/{rel}","templated":true}]}}